{"id":6333,"date":"2023-03-27T12:39:42","date_gmt":"2023-03-27T18:39:42","guid":{"rendered":"https:\/\/netzero-community.com\/prueba\/?p=6333"},"modified":"2023-04-18T10:59:54","modified_gmt":"2023-04-18T16:59:54","slug":"dia-mundial-del-clima-le-estamos-fallando-al-planeta","status":"publish","type":"post","link":"https:\/\/netzero-community.com\/prueba\/dia-mundial-del-clima-le-estamos-fallando-al-planeta\/","title":{"rendered":"D\u00eda Mundial del Clima: le estamos fallando al planeta"},"content":{"rendered":"<p><em>Por A. Grandson<\/em><\/p>\n<p><span style=\"font-weight: 400;\">El D\u00eda Mundial del Clima ocurri\u00f3, por lo menos en la Ciudad de M\u00e9xico, a la par de una contingencia ambiental. El chiste se cuenta solo, pero no es un chiste afortunado. Decenas de pa\u00edses sufren las consecuencias del cambio clim\u00e1tico justo en el d\u00eda en el que deber\u00edamos estar celebrando avances contundentes.\u00a0<\/span><\/p>\n<p><span style=\"font-weight: 400;\">El 26 de marzo es una fecha que nos recuerda la importancia de tomar acciones urgentes para frenar el cambio clim\u00e1tico y sus efectos devastadores en el planeta y en la humanidad. Pero parece que este tipo de efem\u00e9rides comienzan a estar vac\u00edas de contenido. No queremos eso.\u00a0<\/span><\/p>\n<p><span style=\"font-weight: 400;\">Desde hace a\u00f1os, los cient\u00edficos han alertado sobre los riesgos del cambio clim\u00e1tico, y han hecho llamados a la acci\u00f3n para reducir las emisiones de gases de efecto invernadero y limitar el calentamiento global a 1,5\u00b0C por encima de los niveles preindustriales. Sin embargo, a pesar de estos llamados, las emisiones contin\u00faan aumentando, y el tiempo se agota cada vez m\u00e1s.<\/span><\/p>\n<p><span style=\"font-weight: 400;\">Las Conferencias de las Partes (COP) de la Convenci\u00f3n Marco de las Naciones Unidas sobre el Cambio Clim\u00e1tico (CMNUCC) han sido el principal foro internacional para abordar el cambio clim\u00e1tico. Desafortundamente, las COP no han logrado hasta ahora los resultados esperados.<\/span><\/p>\n<p><span style=\"font-weight: 400;\">Seg\u00fan el \u00faltimo informe del Panel Intergubernamental sobre el Cambio Clim\u00e1tico (IPCC), las emisiones globales de di\u00f3xido de carbono (CO2) tendr\u00edan que reducirse en un 45% con respecto a los niveles de 2010 para 2030, y llegar a cero en 2050, para limitar el calentamiento global a 1.5\u00b0C. En la actualidad, las emisiones siguen aumentando, y los compromisos internacionales no son suficientes para alcanzar estas metas.<\/span><\/p>\n<p><span style=\"font-weight: 400;\">La situaci\u00f3n es urgente y requiere de acciones ambiciosas. Pero le hemos dedicado muchos esfuerzos a encontrar el foco de la soluci\u00f3n en las tecnolog\u00edas, cuando sabemos que tambi\u00e9n hay <a href=\"https:\/\/netzero-community.com\/prueba\/que-siempre-no-las-renovables-en-entredicho\/\">margen de error en estas propuestas<\/a>. Debemos hacer un viraje de consciencias hacia donde podr\u00eda encontrarse la soluci\u00f3n, porque el tama\u00f1o del problema requiere imaginar otras posibilidades, impensables, incluso.<\/span><\/p>\n<p><span style=\"font-weight: 400;\">Algunas medidas que se pueden tomar incluyen la transici\u00f3n a fuentes de energ\u00eda renovable, la mejora de la eficiencia energ\u00e9tica, la promoci\u00f3n de la movilidad sostenible, la reforestaci\u00f3n y la restauraci\u00f3n de ecosistemas, entre otras.<\/span><\/p>\n<p><span style=\"font-weight: 400;\">Es importante destacar que estas medidas no solo son necesarias para mitigar el cambio clim\u00e1tico, sino que tambi\u00e9n pueden tener beneficios econ\u00f3micos, sociales y ambientales. La transici\u00f3n a una econom\u00eda baja en carbono puede generar empleo, mejorar la salud y el bienestar de las personas, y proteger la biodiversidad y los ecosistemas naturales.<\/span><\/p>\n<p><span style=\"font-weight: 400;\">Adem\u00e1s, es fundamental que se aborden las desigualdades existentes en la lucha contra el cambio clim\u00e1tico. Los pa\u00edses m\u00e1s vulnerables y los grupos m\u00e1s pobres y marginados son los m\u00e1s afectados por los impactos del cambio clim\u00e1tico, a pesar de que tienen una contribuci\u00f3n m\u00ednima a las emisiones globales. Por lo tanto, es necesario un enfoque justo y equitativo que tenga en cuenta estas diferencias y promueva la cooperaci\u00f3n internacional para abordar el cambio clim\u00e1tico.<\/span><\/p>\n<p><span style=\"font-weight: 400;\">Como cada a\u00f1o, muchos vuelcan sus ideas sobre este d\u00eda; mares de tinta podr\u00e1n escribirse sobre el tema, pero no alcanzan las cosas que digan. Es tiempo para la acci\u00f3n.\u00a0<\/span><\/p>\n","protected":false},"excerpt":{"rendered":"Por A. Grandson El D\u00eda Mundial del Clima ocurri\u00f3, por lo menos en la Ciudad de M\u00e9xico, a&hellip;\n","protected":false},"author":2,"featured_media":6334,"comment_status":"open","ping_status":"open","sticky":false,"template":"","format":"standard","meta":{"csco_singular_sidebar":"","csco_page_header_type":"","csco_custom_appearance":"","csco_disable_excerpt_posts_layout":false,"csco_page_load_nextpost":"","csco_post_video_location":[],"csco_post_video_location_hash":"","csco_post_video_url":"","csco_post_video_bg_start_time":0,"csco_post_video_bg_end_time":0,"footnotes":""},"categories":[29,65,64],"tags":[],"class_list":{"0":"post-6333","1":"post","2":"type-post","3":"status-publish","4":"format-standard","5":"has-post-thumbnail","7":"category-climatica","8":"category-noticias","9":"category-portada","10":"cs-entry","11":"cs-video-wrap"},"yoast_head":"<!-- This site is optimized with the Yoast SEO plugin v27.5 - https:\/\/yoast.com\/product\/yoast-seo-wordpress\/ -->\n<title>D\u00eda Mundial del Clima: le estamos fallando al planeta - Net-Zero Community<\/title>\n<meta name=\"robots\" content=\"index, follow, max-snippet:-1, max-image-preview:large, max-video-preview:-1\" \/>\n<link rel=\"canonical\" href=\"https:\/\/netzero-community.com\/prueba\/dia-mundial-del-clima-le-estamos-fallando-al-planeta\/\" \/>\n<meta property=\"og:locale\" content=\"es_ES\" \/>\n<meta property=\"og:type\" content=\"article\" \/>\n<meta property=\"og:title\" content=\"D\u00eda Mundial del Clima: le estamos fallando al planeta - Net-Zero Community\" \/>\n<meta property=\"og:description\" content=\"Por A. Grandson El D\u00eda Mundial del Clima ocurri\u00f3, por lo menos en la Ciudad de M\u00e9xico, a&hellip;\" \/>\n<meta property=\"og:url\" content=\"https:\/\/netzero-community.com\/prueba\/dia-mundial-del-clima-le-estamos-fallando-al-planeta\/\" \/>\n<meta property=\"og:site_name\" content=\"Net-Zero Community\" \/>\n<meta property=\"article:publisher\" content=\"https:\/\/www.facebook.com\/NetZeroCommunity\" \/>\n<meta property=\"article:published_time\" content=\"2023-03-27T18:39:42+00:00\" \/>\n<meta property=\"article:modified_time\" content=\"2023-04-18T16:59:54+00:00\" \/>\n<meta property=\"og:image\" content=\"https:\/\/netzero-community.com\/prueba\/wp-content\/uploads\/2023\/03\/ganizacion-1.jpg\" \/>\n\t<meta property=\"og:image:width\" content=\"1920\" \/>\n\t<meta property=\"og:image:height\" content=\"1080\" \/>\n\t<meta property=\"og:image:type\" content=\"image\/jpeg\" \/>\n<meta name=\"author\" content=\"Redacci\u00f3n\" \/>\n<meta name=\"twitter:card\" content=\"summary_large_image\" \/>\n<meta name=\"twitter:label1\" content=\"Escrito por\" \/>\n\t<meta name=\"twitter:data1\" content=\"Redacci\u00f3n\" \/>\n\t<meta name=\"twitter:label2\" content=\"Tiempo de lectura\" \/>\n\t<meta name=\"twitter:data2\" content=\"3 minutos\" \/>\n<script type=\"application\/ld+json\" class=\"yoast-schema-graph\">{\"@context\":\"https:\\\/\\\/schema.org\",\"@graph\":[{\"@type\":\"Article\",\"@id\":\"https:\\\/\\\/netzero-community.com\\\/prueba\\\/dia-mundial-del-clima-le-estamos-fallando-al-planeta\\\/#article\",\"isPartOf\":{\"@id\":\"https:\\\/\\\/netzero-community.com\\\/prueba\\\/dia-mundial-del-clima-le-estamos-fallando-al-planeta\\\/\"},\"author\":{\"name\":\"Redacci\u00f3n\",\"@id\":\"https:\\\/\\\/netzero-community.com\\\/prueba\\\/#\\\/schema\\\/person\\\/2cc3291732c8c5bfb8dc717ec6ff248b\"},\"headline\":\"D\u00eda Mundial del Clima: le estamos fallando al planeta\",\"datePublished\":\"2023-03-27T18:39:42+00:00\",\"dateModified\":\"2023-04-18T16:59:54+00:00\",\"mainEntityOfPage\":{\"@id\":\"https:\\\/\\\/netzero-community.com\\\/prueba\\\/dia-mundial-del-clima-le-estamos-fallando-al-planeta\\\/\"},\"wordCount\":584,\"commentCount\":0,\"publisher\":{\"@id\":\"https:\\\/\\\/netzero-community.com\\\/prueba\\\/#organization\"},\"image\":{\"@id\":\"https:\\\/\\\/netzero-community.com\\\/prueba\\\/dia-mundial-del-clima-le-estamos-fallando-al-planeta\\\/#primaryimage\"},\"thumbnailUrl\":\"https:\\\/\\\/netzero-community.com\\\/prueba\\\/wp-content\\\/uploads\\\/2023\\\/03\\\/ganizacion-1.jpg\",\"articleSection\":[\"Clim\u00e1tica\",\"Noticias\",\"Portada\"],\"inLanguage\":\"es\",\"potentialAction\":[{\"@type\":\"CommentAction\",\"name\":\"Comment\",\"target\":[\"https:\\\/\\\/netzero-community.com\\\/prueba\\\/dia-mundial-del-clima-le-estamos-fallando-al-planeta\\\/#respond\"]}]},{\"@type\":\"WebPage\",\"@id\":\"https:\\\/\\\/netzero-community.com\\\/prueba\\\/dia-mundial-del-clima-le-estamos-fallando-al-planeta\\\/\",\"url\":\"https:\\\/\\\/netzero-community.com\\\/prueba\\\/dia-mundial-del-clima-le-estamos-fallando-al-planeta\\\/\",\"name\":\"D\u00eda Mundial del Clima: le estamos fallando al planeta - Net-Zero Community\",\"isPartOf\":{\"@id\":\"https:\\\/\\\/netzero-community.com\\\/prueba\\\/#website\"},\"primaryImageOfPage\":{\"@id\":\"https:\\\/\\\/netzero-community.com\\\/prueba\\\/dia-mundial-del-clima-le-estamos-fallando-al-planeta\\\/#primaryimage\"},\"image\":{\"@id\":\"https:\\\/\\\/netzero-community.com\\\/prueba\\\/dia-mundial-del-clima-le-estamos-fallando-al-planeta\\\/#primaryimage\"},\"thumbnailUrl\":\"https:\\\/\\\/netzero-community.com\\\/prueba\\\/wp-content\\\/uploads\\\/2023\\\/03\\\/ganizacion-1.jpg\",\"datePublished\":\"2023-03-27T18:39:42+00:00\",\"dateModified\":\"2023-04-18T16:59:54+00:00\",\"breadcrumb\":{\"@id\":\"https:\\\/\\\/netzero-community.com\\\/prueba\\\/dia-mundial-del-clima-le-estamos-fallando-al-planeta\\\/#breadcrumb\"},\"inLanguage\":\"es\",\"potentialAction\":[{\"@type\":\"ReadAction\",\"target\":[\"https:\\\/\\\/netzero-community.com\\\/prueba\\\/dia-mundial-del-clima-le-estamos-fallando-al-planeta\\\/\"]}]},{\"@type\":\"ImageObject\",\"inLanguage\":\"es\",\"@id\":\"https:\\\/\\\/netzero-community.com\\\/prueba\\\/dia-mundial-del-clima-le-estamos-fallando-al-planeta\\\/#primaryimage\",\"url\":\"https:\\\/\\\/netzero-community.com\\\/prueba\\\/wp-content\\\/uploads\\\/2023\\\/03\\\/ganizacion-1.jpg\",\"contentUrl\":\"https:\\\/\\\/netzero-community.com\\\/prueba\\\/wp-content\\\/uploads\\\/2023\\\/03\\\/ganizacion-1.jpg\",\"width\":1920,\"height\":1080},{\"@type\":\"BreadcrumbList\",\"@id\":\"https:\\\/\\\/netzero-community.com\\\/prueba\\\/dia-mundial-del-clima-le-estamos-fallando-al-planeta\\\/#breadcrumb\",\"itemListElement\":[{\"@type\":\"ListItem\",\"position\":1,\"name\":\"Portada\",\"item\":\"https:\\\/\\\/netzero-community.com\\\/prueba\\\/\"},{\"@type\":\"ListItem\",\"position\":2,\"name\":\"D\u00eda Mundial del Clima: le estamos fallando al planeta\"}]},{\"@type\":\"WebSite\",\"@id\":\"https:\\\/\\\/netzero-community.com\\\/prueba\\\/#website\",\"url\":\"https:\\\/\\\/netzero-community.com\\\/prueba\\\/\",\"name\":\"Net-Zero Community\",\"description\":\"Net-Zero Community es una publicaci\u00f3n digital sobre el panorama de la sustentabilidad en M\u00e9xico y Latinoam\u00e9rica y las soluciones tecnol\u00f3gicas y de servicios existentes para conseguir la descarbonizaci\u00f3n\",\"publisher\":{\"@id\":\"https:\\\/\\\/netzero-community.com\\\/prueba\\\/#organization\"},\"potentialAction\":[{\"@type\":\"SearchAction\",\"target\":{\"@type\":\"EntryPoint\",\"urlTemplate\":\"https:\\\/\\\/netzero-community.com\\\/prueba\\\/?s={search_term_string}\"},\"query-input\":{\"@type\":\"PropertyValueSpecification\",\"valueRequired\":true,\"valueName\":\"search_term_string\"}}],\"inLanguage\":\"es\"},{\"@type\":\"Organization\",\"@id\":\"https:\\\/\\\/netzero-community.com\\\/prueba\\\/#organization\",\"name\":\"Net-Zero Community\",\"url\":\"https:\\\/\\\/netzero-community.com\\\/prueba\\\/\",\"logo\":{\"@type\":\"ImageObject\",\"inLanguage\":\"es\",\"@id\":\"https:\\\/\\\/netzero-community.com\\\/prueba\\\/#\\\/schema\\\/logo\\\/image\\\/\",\"url\":\"https:\\\/\\\/netzero-community.com\\\/prueba\\\/wp-content\\\/uploads\\\/2023\\\/02\\\/nzc-logotipo.jpg\",\"contentUrl\":\"https:\\\/\\\/netzero-community.com\\\/prueba\\\/wp-content\\\/uploads\\\/2023\\\/02\\\/nzc-logotipo.jpg\",\"width\":696,\"height\":696,\"caption\":\"Net-Zero Community\"},\"image\":{\"@id\":\"https:\\\/\\\/netzero-community.com\\\/prueba\\\/#\\\/schema\\\/logo\\\/image\\\/\"},\"sameAs\":[\"https:\\\/\\\/www.facebook.com\\\/NetZeroCommunity\"]},{\"@type\":\"Person\",\"@id\":\"https:\\\/\\\/netzero-community.com\\\/prueba\\\/#\\\/schema\\\/person\\\/2cc3291732c8c5bfb8dc717ec6ff248b\",\"name\":\"Redacci\u00f3n\",\"image\":{\"@type\":\"ImageObject\",\"inLanguage\":\"es\",\"@id\":\"http:\\\/\\\/netzero-community.com\\\/prueba\\\/wp-content\\\/uploads\\\/2025\\\/04\\\/cropped-Logo-NETZERO-200-96x96.png\",\"url\":\"http:\\\/\\\/netzero-community.com\\\/prueba\\\/wp-content\\\/uploads\\\/2025\\\/04\\\/cropped-Logo-NETZERO-200-96x96.png\",\"contentUrl\":\"http:\\\/\\\/netzero-community.com\\\/prueba\\\/wp-content\\\/uploads\\\/2025\\\/04\\\/cropped-Logo-NETZERO-200-96x96.png\",\"caption\":\"Redacci\u00f3n\"},\"url\":\"https:\\\/\\\/netzero-community.com\\\/prueba\\\/author\\\/netzero\\\/\"}]}<\/script>\n<!-- \/ Yoast SEO plugin. -->","yoast_head_json":{"title":"D\u00eda Mundial del Clima: le estamos fallando al planeta - Net-Zero Community","robots":{"index":"index","follow":"follow","max-snippet":"max-snippet:-1","max-image-preview":"max-image-preview:large","max-video-preview":"max-video-preview:-1"},"canonical":"https:\/\/netzero-community.com\/prueba\/dia-mundial-del-clima-le-estamos-fallando-al-planeta\/","og_locale":"es_ES","og_type":"article","og_title":"D\u00eda Mundial del Clima: le estamos fallando al planeta - Net-Zero Community","og_description":"Por A. Grandson El D\u00eda Mundial del Clima ocurri\u00f3, por lo menos en la Ciudad de M\u00e9xico, a&hellip;","og_url":"https:\/\/netzero-community.com\/prueba\/dia-mundial-del-clima-le-estamos-fallando-al-planeta\/","og_site_name":"Net-Zero Community","article_publisher":"https:\/\/www.facebook.com\/NetZeroCommunity","article_published_time":"2023-03-27T18:39:42+00:00","article_modified_time":"2023-04-18T16:59:54+00:00","og_image":[{"width":1920,"height":1080,"url":"https:\/\/netzero-community.com\/prueba\/wp-content\/uploads\/2023\/03\/ganizacion-1.jpg","type":"image\/jpeg"}],"author":"Redacci\u00f3n","twitter_card":"summary_large_image","twitter_misc":{"Escrito por":"Redacci\u00f3n","Tiempo de lectura":"3 minutos"},"schema":{"@context":"https:\/\/schema.org","@graph":[{"@type":"Article","@id":"https:\/\/netzero-community.com\/prueba\/dia-mundial-del-clima-le-estamos-fallando-al-planeta\/#article","isPartOf":{"@id":"https:\/\/netzero-community.com\/prueba\/dia-mundial-del-clima-le-estamos-fallando-al-planeta\/"},"author":{"name":"Redacci\u00f3n","@id":"https:\/\/netzero-community.com\/prueba\/#\/schema\/person\/2cc3291732c8c5bfb8dc717ec6ff248b"},"headline":"D\u00eda Mundial del Clima: le estamos fallando al planeta","datePublished":"2023-03-27T18:39:42+00:00","dateModified":"2023-04-18T16:59:54+00:00","mainEntityOfPage":{"@id":"https:\/\/netzero-community.com\/prueba\/dia-mundial-del-clima-le-estamos-fallando-al-planeta\/"},"wordCount":584,"commentCount":0,"publisher":{"@id":"https:\/\/netzero-community.com\/prueba\/#organization"},"image":{"@id":"https:\/\/netzero-community.com\/prueba\/dia-mundial-del-clima-le-estamos-fallando-al-planeta\/#primaryimage"},"thumbnailUrl":"https:\/\/netzero-community.com\/prueba\/wp-content\/uploads\/2023\/03\/ganizacion-1.jpg","articleSection":["Clim\u00e1tica","Noticias","Portada"],"inLanguage":"es","potentialAction":[{"@type":"CommentAction","name":"Comment","target":["https:\/\/netzero-community.com\/prueba\/dia-mundial-del-clima-le-estamos-fallando-al-planeta\/#respond"]}]},{"@type":"WebPage","@id":"https:\/\/netzero-community.com\/prueba\/dia-mundial-del-clima-le-estamos-fallando-al-planeta\/","url":"https:\/\/netzero-community.com\/prueba\/dia-mundial-del-clima-le-estamos-fallando-al-planeta\/","name":"D\u00eda Mundial del Clima: le estamos fallando al planeta - Net-Zero Community","isPartOf":{"@id":"https:\/\/netzero-community.com\/prueba\/#website"},"primaryImageOfPage":{"@id":"https:\/\/netzero-community.com\/prueba\/dia-mundial-del-clima-le-estamos-fallando-al-planeta\/#primaryimage"},"image":{"@id":"https:\/\/netzero-community.com\/prueba\/dia-mundial-del-clima-le-estamos-fallando-al-planeta\/#primaryimage"},"thumbnailUrl":"https:\/\/netzero-community.com\/prueba\/wp-content\/uploads\/2023\/03\/ganizacion-1.jpg","datePublished":"2023-03-27T18:39:42+00:00","dateModified":"2023-04-18T16:59:54+00:00","breadcrumb":{"@id":"https:\/\/netzero-community.com\/prueba\/dia-mundial-del-clima-le-estamos-fallando-al-planeta\/#breadcrumb"},"inLanguage":"es","potentialAction":[{"@type":"ReadAction","target":["https:\/\/netzero-community.com\/prueba\/dia-mundial-del-clima-le-estamos-fallando-al-planeta\/"]}]},{"@type":"ImageObject","inLanguage":"es","@id":"https:\/\/netzero-community.com\/prueba\/dia-mundial-del-clima-le-estamos-fallando-al-planeta\/#primaryimage","url":"https:\/\/netzero-community.com\/prueba\/wp-content\/uploads\/2023\/03\/ganizacion-1.jpg","contentUrl":"https:\/\/netzero-community.com\/prueba\/wp-content\/uploads\/2023\/03\/ganizacion-1.jpg","width":1920,"height":1080},{"@type":"BreadcrumbList","@id":"https:\/\/netzero-community.com\/prueba\/dia-mundial-del-clima-le-estamos-fallando-al-planeta\/#breadcrumb","itemListElement":[{"@type":"ListItem","position":1,"name":"Portada","item":"https:\/\/netzero-community.com\/prueba\/"},{"@type":"ListItem","position":2,"name":"D\u00eda Mundial del Clima: le estamos fallando al planeta"}]},{"@type":"WebSite","@id":"https:\/\/netzero-community.com\/prueba\/#website","url":"https:\/\/netzero-community.com\/prueba\/","name":"Net-Zero Community","description":"Net-Zero Community es una publicaci\u00f3n digital sobre el panorama de la sustentabilidad en M\u00e9xico y Latinoam\u00e9rica y las soluciones tecnol\u00f3gicas y de servicios existentes para conseguir la descarbonizaci\u00f3n","publisher":{"@id":"https:\/\/netzero-community.com\/prueba\/#organization"},"potentialAction":[{"@type":"SearchAction","target":{"@type":"EntryPoint","urlTemplate":"https:\/\/netzero-community.com\/prueba\/?s={search_term_string}"},"query-input":{"@type":"PropertyValueSpecification","valueRequired":true,"valueName":"search_term_string"}}],"inLanguage":"es"},{"@type":"Organization","@id":"https:\/\/netzero-community.com\/prueba\/#organization","name":"Net-Zero Community","url":"https:\/\/netzero-community.com\/prueba\/","logo":{"@type":"ImageObject","inLanguage":"es","@id":"https:\/\/netzero-community.com\/prueba\/#\/schema\/logo\/image\/","url":"https:\/\/netzero-community.com\/prueba\/wp-content\/uploads\/2023\/02\/nzc-logotipo.jpg","contentUrl":"https:\/\/netzero-community.com\/prueba\/wp-content\/uploads\/2023\/02\/nzc-logotipo.jpg","width":696,"height":696,"caption":"Net-Zero Community"},"image":{"@id":"https:\/\/netzero-community.com\/prueba\/#\/schema\/logo\/image\/"},"sameAs":["https:\/\/www.facebook.com\/NetZeroCommunity"]},{"@type":"Person","@id":"https:\/\/netzero-community.com\/prueba\/#\/schema\/person\/2cc3291732c8c5bfb8dc717ec6ff248b","name":"Redacci\u00f3n","image":{"@type":"ImageObject","inLanguage":"es","@id":"http:\/\/netzero-community.com\/prueba\/wp-content\/uploads\/2025\/04\/cropped-Logo-NETZERO-200-96x96.png","url":"http:\/\/netzero-community.com\/prueba\/wp-content\/uploads\/2025\/04\/cropped-Logo-NETZERO-200-96x96.png","contentUrl":"http:\/\/netzero-community.com\/prueba\/wp-content\/uploads\/2025\/04\/cropped-Logo-NETZERO-200-96x96.png","caption":"Redacci\u00f3n"},"url":"https:\/\/netzero-community.com\/prueba\/author\/netzero\/"}]}},"_links":{"self":[{"href":"https:\/\/netzero-community.com\/prueba\/wp-json\/wp\/v2\/posts\/6333","targetHints":{"allow":["GET"]}}],"collection":[{"href":"https:\/\/netzero-community.com\/prueba\/wp-json\/wp\/v2\/posts"}],"about":[{"href":"https:\/\/netzero-community.com\/prueba\/wp-json\/wp\/v2\/types\/post"}],"author":[{"embeddable":true,"href":"https:\/\/netzero-community.com\/prueba\/wp-json\/wp\/v2\/users\/2"}],"replies":[{"embeddable":true,"href":"https:\/\/netzero-community.com\/prueba\/wp-json\/wp\/v2\/comments?post=6333"}],"version-history":[{"count":2,"href":"https:\/\/netzero-community.com\/prueba\/wp-json\/wp\/v2\/posts\/6333\/revisions"}],"predecessor-version":[{"id":6336,"href":"https:\/\/netzero-community.com\/prueba\/wp-json\/wp\/v2\/posts\/6333\/revisions\/6336"}],"wp:featuredmedia":[{"embeddable":true,"href":"https:\/\/netzero-community.com\/prueba\/wp-json\/wp\/v2\/media\/6334"}],"wp:attachment":[{"href":"https:\/\/netzero-community.com\/prueba\/wp-json\/wp\/v2\/media?parent=6333"}],"wp:term":[{"taxonomy":"category","embeddable":true,"href":"https:\/\/netzero-community.com\/prueba\/wp-json\/wp\/v2\/categories?post=6333"},{"taxonomy":"post_tag","embeddable":true,"href":"https:\/\/netzero-community.com\/prueba\/wp-json\/wp\/v2\/tags?post=6333"}],"curies":[{"name":"wp","href":"https:\/\/api.w.org\/{rel}","templated":true}]}}