{"id":6206,"date":"2023-02-10T09:35:53","date_gmt":"2023-02-10T15:35:53","guid":{"rendered":"https:\/\/netzero-community.com\/prueba\/?p=6206"},"modified":"2023-02-10T09:35:53","modified_gmt":"2023-02-10T15:35:53","slug":"que-siempre-no-las-renovables-en-entredicho","status":"publish","type":"post","link":"https:\/\/netzero-community.com\/prueba\/que-siempre-no-las-renovables-en-entredicho\/","title":{"rendered":"Que siempre no. Las renovables, en entredicho"},"content":{"rendered":"<p><em>Por Redacci\u00f3n<\/em><\/p>\n<p>En un giro sorprendente, uno de los l\u00edderes mundiales en la producci\u00f3n de energ\u00eda e\u00f3lica ha admitido que la promesa de que la energ\u00eda renovable ser\u00eda \u00abgratuita\u00bb no era realista. En una entrevista con Bloomberg, el CEO de Vestas Wind Systems A\/S, Henrik Andersen, ha reconocido que, aunque la energ\u00eda renovable es m\u00e1s econ\u00f3mica a largo plazo, los costos iniciales son significativos y deben ser financiados de alguna manera.<\/p>\n<p>\u201cCreamos la percepci\u00f3n hasta cierto punto. As\u00ed que nosotros tenemos la culpa de ello. Eso fue un error, dijo Andersen en una entrevista en Londres\u00bb.<\/p>\n<p>Esta admisi\u00f3n va en contra de los argumentos comunes de que la energ\u00eda renovable es \u00abbarata\u00bb o \u00abgratuita\u00bb una vez que se ha instalado la infraestructura necesaria. En realidad, la construcci\u00f3n de parques e\u00f3licos y la instalaci\u00f3n de paneles solares requiere una inversi\u00f3n significativa de capital, y estos costos deben ser cubiertos a trav\u00e9s de subvenciones gubernamentales, pr\u00e9stamos bancarios o aumentos en los precios de la electricidad para los consumidores.<\/p>\n<p>Adem\u00e1s, aunque la energ\u00eda renovable es m\u00e1s econ\u00f3mica a largo plazo debido a los bajos costos de mantenimiento y los combustibles gratuitos, todav\u00eda existen costos operativos significativos, como la necesidad de almacenar energ\u00eda en bater\u00edas cuando no hay viento o sol.<\/p>\n<p>A pesar de estos costos, la energ\u00eda renovable sigue siendo una parte esencial de la estrategia global para reducir las emisiones de gases de efecto invernadero y combatir el cambio clim\u00e1tico. Pero es importante tener en cuenta que la transici\u00f3n a una econom\u00eda renovable requerir\u00e1 una inversi\u00f3n significativa de capital y un esfuerzo continuo para mejorar la tecnolog\u00eda y reducir los costos.<\/p>\n","protected":false},"excerpt":{"rendered":"Por Redacci\u00f3n En un giro sorprendente, uno de los l\u00edderes mundiales en la producci\u00f3n de energ\u00eda e\u00f3lica ha&hellip;\n","protected":false},"author":2,"featured_media":6207,"comment_status":"open","ping_status":"open","sticky":false,"template":"","format":"standard","meta":{"csco_singular_sidebar":"","csco_page_header_type":"","csco_custom_appearance":"","csco_disable_excerpt_posts_layout":false,"csco_page_load_nextpost":"","csco_post_video_location":[],"csco_post_video_location_hash":"","csco_post_video_url":"","csco_post_video_bg_start_time":0,"csco_post_video_bg_end_time":0,"footnotes":""},"categories":[33],"tags":[],"class_list":{"0":"post-6206","1":"post","2":"type-post","3":"status-publish","4":"format-standard","5":"has-post-thumbnail","7":"category-energy","8":"cs-entry","9":"cs-video-wrap"},"yoast_head":"<!-- This site is optimized with the Yoast SEO plugin v27.5 - https:\/\/yoast.com\/product\/yoast-seo-wordpress\/ -->\n<title>Que siempre no. Las renovables, en entredicho - Net-Zero Community<\/title>\n<meta name=\"robots\" content=\"index, follow, max-snippet:-1, max-image-preview:large, max-video-preview:-1\" \/>\n<link rel=\"canonical\" href=\"https:\/\/netzero-community.com\/prueba\/que-siempre-no-las-renovables-en-entredicho\/\" \/>\n<meta property=\"og:locale\" content=\"es_ES\" \/>\n<meta property=\"og:type\" content=\"article\" \/>\n<meta property=\"og:title\" content=\"Que siempre no. Las renovables, en entredicho - Net-Zero Community\" \/>\n<meta property=\"og:description\" content=\"Por Redacci\u00f3n En un giro sorprendente, uno de los l\u00edderes mundiales en la producci\u00f3n de energ\u00eda e\u00f3lica ha&hellip;\" \/>\n<meta property=\"og:url\" content=\"https:\/\/netzero-community.com\/prueba\/que-siempre-no-las-renovables-en-entredicho\/\" \/>\n<meta property=\"og:site_name\" content=\"Net-Zero Community\" \/>\n<meta property=\"article:publisher\" content=\"https:\/\/www.facebook.com\/NetZeroCommunity\" \/>\n<meta property=\"article:published_time\" content=\"2023-02-10T15:35:53+00:00\" \/>\n<meta property=\"og:image\" content=\"https:\/\/netzero-community.com\/prueba\/wp-content\/uploads\/2023\/02\/acis-1.jpg\" \/>\n\t<meta property=\"og:image:width\" content=\"1700\" \/>\n\t<meta property=\"og:image:height\" content=\"700\" \/>\n\t<meta property=\"og:image:type\" content=\"image\/jpeg\" \/>\n<meta name=\"author\" content=\"Redacci\u00f3n\" \/>\n<meta name=\"twitter:card\" content=\"summary_large_image\" \/>\n<meta name=\"twitter:label1\" content=\"Escrito por\" \/>\n\t<meta name=\"twitter:data1\" content=\"Redacci\u00f3n\" \/>\n\t<meta name=\"twitter:label2\" content=\"Tiempo de lectura\" \/>\n\t<meta name=\"twitter:data2\" content=\"2 minutos\" \/>\n<script type=\"application\/ld+json\" class=\"yoast-schema-graph\">{\"@context\":\"https:\\\/\\\/schema.org\",\"@graph\":[{\"@type\":\"Article\",\"@id\":\"https:\\\/\\\/netzero-community.com\\\/prueba\\\/que-siempre-no-las-renovables-en-entredicho\\\/#article\",\"isPartOf\":{\"@id\":\"https:\\\/\\\/netzero-community.com\\\/prueba\\\/que-siempre-no-las-renovables-en-entredicho\\\/\"},\"author\":{\"name\":\"Redacci\u00f3n\",\"@id\":\"https:\\\/\\\/netzero-community.com\\\/prueba\\\/#\\\/schema\\\/person\\\/2cc3291732c8c5bfb8dc717ec6ff248b\"},\"headline\":\"Que siempre no. Las renovables, en entredicho\",\"datePublished\":\"2023-02-10T15:35:53+00:00\",\"mainEntityOfPage\":{\"@id\":\"https:\\\/\\\/netzero-community.com\\\/prueba\\\/que-siempre-no-las-renovables-en-entredicho\\\/\"},\"wordCount\":309,\"commentCount\":1,\"publisher\":{\"@id\":\"https:\\\/\\\/netzero-community.com\\\/prueba\\\/#organization\"},\"image\":{\"@id\":\"https:\\\/\\\/netzero-community.com\\\/prueba\\\/que-siempre-no-las-renovables-en-entredicho\\\/#primaryimage\"},\"thumbnailUrl\":\"https:\\\/\\\/netzero-community.com\\\/prueba\\\/wp-content\\\/uploads\\\/2023\\\/02\\\/acis-1.jpg\",\"articleSection\":[\"Energy\"],\"inLanguage\":\"es\",\"potentialAction\":[{\"@type\":\"CommentAction\",\"name\":\"Comment\",\"target\":[\"https:\\\/\\\/netzero-community.com\\\/prueba\\\/que-siempre-no-las-renovables-en-entredicho\\\/#respond\"]}]},{\"@type\":\"WebPage\",\"@id\":\"https:\\\/\\\/netzero-community.com\\\/prueba\\\/que-siempre-no-las-renovables-en-entredicho\\\/\",\"url\":\"https:\\\/\\\/netzero-community.com\\\/prueba\\\/que-siempre-no-las-renovables-en-entredicho\\\/\",\"name\":\"Que siempre no. Las renovables, en entredicho - Net-Zero Community\",\"isPartOf\":{\"@id\":\"https:\\\/\\\/netzero-community.com\\\/prueba\\\/#website\"},\"primaryImageOfPage\":{\"@id\":\"https:\\\/\\\/netzero-community.com\\\/prueba\\\/que-siempre-no-las-renovables-en-entredicho\\\/#primaryimage\"},\"image\":{\"@id\":\"https:\\\/\\\/netzero-community.com\\\/prueba\\\/que-siempre-no-las-renovables-en-entredicho\\\/#primaryimage\"},\"thumbnailUrl\":\"https:\\\/\\\/netzero-community.com\\\/prueba\\\/wp-content\\\/uploads\\\/2023\\\/02\\\/acis-1.jpg\",\"datePublished\":\"2023-02-10T15:35:53+00:00\",\"breadcrumb\":{\"@id\":\"https:\\\/\\\/netzero-community.com\\\/prueba\\\/que-siempre-no-las-renovables-en-entredicho\\\/#breadcrumb\"},\"inLanguage\":\"es\",\"potentialAction\":[{\"@type\":\"ReadAction\",\"target\":[\"https:\\\/\\\/netzero-community.com\\\/prueba\\\/que-siempre-no-las-renovables-en-entredicho\\\/\"]}]},{\"@type\":\"ImageObject\",\"inLanguage\":\"es\",\"@id\":\"https:\\\/\\\/netzero-community.com\\\/prueba\\\/que-siempre-no-las-renovables-en-entredicho\\\/#primaryimage\",\"url\":\"https:\\\/\\\/netzero-community.com\\\/prueba\\\/wp-content\\\/uploads\\\/2023\\\/02\\\/acis-1.jpg\",\"contentUrl\":\"https:\\\/\\\/netzero-community.com\\\/prueba\\\/wp-content\\\/uploads\\\/2023\\\/02\\\/acis-1.jpg\",\"width\":1700,\"height\":700},{\"@type\":\"BreadcrumbList\",\"@id\":\"https:\\\/\\\/netzero-community.com\\\/prueba\\\/que-siempre-no-las-renovables-en-entredicho\\\/#breadcrumb\",\"itemListElement\":[{\"@type\":\"ListItem\",\"position\":1,\"name\":\"Portada\",\"item\":\"https:\\\/\\\/netzero-community.com\\\/prueba\\\/\"},{\"@type\":\"ListItem\",\"position\":2,\"name\":\"Que siempre no. Las renovables, en entredicho\"}]},{\"@type\":\"WebSite\",\"@id\":\"https:\\\/\\\/netzero-community.com\\\/prueba\\\/#website\",\"url\":\"https:\\\/\\\/netzero-community.com\\\/prueba\\\/\",\"name\":\"Net-Zero Community\",\"description\":\"Net-Zero Community es una publicaci\u00f3n digital sobre el panorama de la sustentabilidad en M\u00e9xico y Latinoam\u00e9rica y las soluciones tecnol\u00f3gicas y de servicios existentes para conseguir la descarbonizaci\u00f3n\",\"publisher\":{\"@id\":\"https:\\\/\\\/netzero-community.com\\\/prueba\\\/#organization\"},\"potentialAction\":[{\"@type\":\"SearchAction\",\"target\":{\"@type\":\"EntryPoint\",\"urlTemplate\":\"https:\\\/\\\/netzero-community.com\\\/prueba\\\/?s={search_term_string}\"},\"query-input\":{\"@type\":\"PropertyValueSpecification\",\"valueRequired\":true,\"valueName\":\"search_term_string\"}}],\"inLanguage\":\"es\"},{\"@type\":\"Organization\",\"@id\":\"https:\\\/\\\/netzero-community.com\\\/prueba\\\/#organization\",\"name\":\"Net-Zero Community\",\"url\":\"https:\\\/\\\/netzero-community.com\\\/prueba\\\/\",\"logo\":{\"@type\":\"ImageObject\",\"inLanguage\":\"es\",\"@id\":\"https:\\\/\\\/netzero-community.com\\\/prueba\\\/#\\\/schema\\\/logo\\\/image\\\/\",\"url\":\"https:\\\/\\\/netzero-community.com\\\/prueba\\\/wp-content\\\/uploads\\\/2023\\\/02\\\/nzc-logotipo.jpg\",\"contentUrl\":\"https:\\\/\\\/netzero-community.com\\\/prueba\\\/wp-content\\\/uploads\\\/2023\\\/02\\\/nzc-logotipo.jpg\",\"width\":696,\"height\":696,\"caption\":\"Net-Zero Community\"},\"image\":{\"@id\":\"https:\\\/\\\/netzero-community.com\\\/prueba\\\/#\\\/schema\\\/logo\\\/image\\\/\"},\"sameAs\":[\"https:\\\/\\\/www.facebook.com\\\/NetZeroCommunity\"]},{\"@type\":\"Person\",\"@id\":\"https:\\\/\\\/netzero-community.com\\\/prueba\\\/#\\\/schema\\\/person\\\/2cc3291732c8c5bfb8dc717ec6ff248b\",\"name\":\"Redacci\u00f3n\",\"image\":{\"@type\":\"ImageObject\",\"inLanguage\":\"es\",\"@id\":\"http:\\\/\\\/netzero-community.com\\\/prueba\\\/wp-content\\\/uploads\\\/2025\\\/04\\\/cropped-Logo-NETZERO-200-96x96.png\",\"url\":\"http:\\\/\\\/netzero-community.com\\\/prueba\\\/wp-content\\\/uploads\\\/2025\\\/04\\\/cropped-Logo-NETZERO-200-96x96.png\",\"contentUrl\":\"http:\\\/\\\/netzero-community.com\\\/prueba\\\/wp-content\\\/uploads\\\/2025\\\/04\\\/cropped-Logo-NETZERO-200-96x96.png\",\"caption\":\"Redacci\u00f3n\"},\"url\":\"https:\\\/\\\/netzero-community.com\\\/prueba\\\/author\\\/netzero\\\/\"}]}<\/script>\n<!-- \/ Yoast SEO plugin. -->","yoast_head_json":{"title":"Que siempre no. Las renovables, en entredicho - Net-Zero Community","robots":{"index":"index","follow":"follow","max-snippet":"max-snippet:-1","max-image-preview":"max-image-preview:large","max-video-preview":"max-video-preview:-1"},"canonical":"https:\/\/netzero-community.com\/prueba\/que-siempre-no-las-renovables-en-entredicho\/","og_locale":"es_ES","og_type":"article","og_title":"Que siempre no. Las renovables, en entredicho - Net-Zero Community","og_description":"Por Redacci\u00f3n En un giro sorprendente, uno de los l\u00edderes mundiales en la producci\u00f3n de energ\u00eda e\u00f3lica ha&hellip;","og_url":"https:\/\/netzero-community.com\/prueba\/que-siempre-no-las-renovables-en-entredicho\/","og_site_name":"Net-Zero Community","article_publisher":"https:\/\/www.facebook.com\/NetZeroCommunity","article_published_time":"2023-02-10T15:35:53+00:00","og_image":[{"width":1700,"height":700,"url":"https:\/\/netzero-community.com\/prueba\/wp-content\/uploads\/2023\/02\/acis-1.jpg","type":"image\/jpeg"}],"author":"Redacci\u00f3n","twitter_card":"summary_large_image","twitter_misc":{"Escrito por":"Redacci\u00f3n","Tiempo de lectura":"2 minutos"},"schema":{"@context":"https:\/\/schema.org","@graph":[{"@type":"Article","@id":"https:\/\/netzero-community.com\/prueba\/que-siempre-no-las-renovables-en-entredicho\/#article","isPartOf":{"@id":"https:\/\/netzero-community.com\/prueba\/que-siempre-no-las-renovables-en-entredicho\/"},"author":{"name":"Redacci\u00f3n","@id":"https:\/\/netzero-community.com\/prueba\/#\/schema\/person\/2cc3291732c8c5bfb8dc717ec6ff248b"},"headline":"Que siempre no. Las renovables, en entredicho","datePublished":"2023-02-10T15:35:53+00:00","mainEntityOfPage":{"@id":"https:\/\/netzero-community.com\/prueba\/que-siempre-no-las-renovables-en-entredicho\/"},"wordCount":309,"commentCount":1,"publisher":{"@id":"https:\/\/netzero-community.com\/prueba\/#organization"},"image":{"@id":"https:\/\/netzero-community.com\/prueba\/que-siempre-no-las-renovables-en-entredicho\/#primaryimage"},"thumbnailUrl":"https:\/\/netzero-community.com\/prueba\/wp-content\/uploads\/2023\/02\/acis-1.jpg","articleSection":["Energy"],"inLanguage":"es","potentialAction":[{"@type":"CommentAction","name":"Comment","target":["https:\/\/netzero-community.com\/prueba\/que-siempre-no-las-renovables-en-entredicho\/#respond"]}]},{"@type":"WebPage","@id":"https:\/\/netzero-community.com\/prueba\/que-siempre-no-las-renovables-en-entredicho\/","url":"https:\/\/netzero-community.com\/prueba\/que-siempre-no-las-renovables-en-entredicho\/","name":"Que siempre no. Las renovables, en entredicho - Net-Zero Community","isPartOf":{"@id":"https:\/\/netzero-community.com\/prueba\/#website"},"primaryImageOfPage":{"@id":"https:\/\/netzero-community.com\/prueba\/que-siempre-no-las-renovables-en-entredicho\/#primaryimage"},"image":{"@id":"https:\/\/netzero-community.com\/prueba\/que-siempre-no-las-renovables-en-entredicho\/#primaryimage"},"thumbnailUrl":"https:\/\/netzero-community.com\/prueba\/wp-content\/uploads\/2023\/02\/acis-1.jpg","datePublished":"2023-02-10T15:35:53+00:00","breadcrumb":{"@id":"https:\/\/netzero-community.com\/prueba\/que-siempre-no-las-renovables-en-entredicho\/#breadcrumb"},"inLanguage":"es","potentialAction":[{"@type":"ReadAction","target":["https:\/\/netzero-community.com\/prueba\/que-siempre-no-las-renovables-en-entredicho\/"]}]},{"@type":"ImageObject","inLanguage":"es","@id":"https:\/\/netzero-community.com\/prueba\/que-siempre-no-las-renovables-en-entredicho\/#primaryimage","url":"https:\/\/netzero-community.com\/prueba\/wp-content\/uploads\/2023\/02\/acis-1.jpg","contentUrl":"https:\/\/netzero-community.com\/prueba\/wp-content\/uploads\/2023\/02\/acis-1.jpg","width":1700,"height":700},{"@type":"BreadcrumbList","@id":"https:\/\/netzero-community.com\/prueba\/que-siempre-no-las-renovables-en-entredicho\/#breadcrumb","itemListElement":[{"@type":"ListItem","position":1,"name":"Portada","item":"https:\/\/netzero-community.com\/prueba\/"},{"@type":"ListItem","position":2,"name":"Que siempre no. Las renovables, en entredicho"}]},{"@type":"WebSite","@id":"https:\/\/netzero-community.com\/prueba\/#website","url":"https:\/\/netzero-community.com\/prueba\/","name":"Net-Zero Community","description":"Net-Zero Community es una publicaci\u00f3n digital sobre el panorama de la sustentabilidad en M\u00e9xico y Latinoam\u00e9rica y las soluciones tecnol\u00f3gicas y de servicios existentes para conseguir la descarbonizaci\u00f3n","publisher":{"@id":"https:\/\/netzero-community.com\/prueba\/#organization"},"potentialAction":[{"@type":"SearchAction","target":{"@type":"EntryPoint","urlTemplate":"https:\/\/netzero-community.com\/prueba\/?s={search_term_string}"},"query-input":{"@type":"PropertyValueSpecification","valueRequired":true,"valueName":"search_term_string"}}],"inLanguage":"es"},{"@type":"Organization","@id":"https:\/\/netzero-community.com\/prueba\/#organization","name":"Net-Zero Community","url":"https:\/\/netzero-community.com\/prueba\/","logo":{"@type":"ImageObject","inLanguage":"es","@id":"https:\/\/netzero-community.com\/prueba\/#\/schema\/logo\/image\/","url":"https:\/\/netzero-community.com\/prueba\/wp-content\/uploads\/2023\/02\/nzc-logotipo.jpg","contentUrl":"https:\/\/netzero-community.com\/prueba\/wp-content\/uploads\/2023\/02\/nzc-logotipo.jpg","width":696,"height":696,"caption":"Net-Zero Community"},"image":{"@id":"https:\/\/netzero-community.com\/prueba\/#\/schema\/logo\/image\/"},"sameAs":["https:\/\/www.facebook.com\/NetZeroCommunity"]},{"@type":"Person","@id":"https:\/\/netzero-community.com\/prueba\/#\/schema\/person\/2cc3291732c8c5bfb8dc717ec6ff248b","name":"Redacci\u00f3n","image":{"@type":"ImageObject","inLanguage":"es","@id":"http:\/\/netzero-community.com\/prueba\/wp-content\/uploads\/2025\/04\/cropped-Logo-NETZERO-200-96x96.png","url":"http:\/\/netzero-community.com\/prueba\/wp-content\/uploads\/2025\/04\/cropped-Logo-NETZERO-200-96x96.png","contentUrl":"http:\/\/netzero-community.com\/prueba\/wp-content\/uploads\/2025\/04\/cropped-Logo-NETZERO-200-96x96.png","caption":"Redacci\u00f3n"},"url":"https:\/\/netzero-community.com\/prueba\/author\/netzero\/"}]}},"_links":{"self":[{"href":"https:\/\/netzero-community.com\/prueba\/wp-json\/wp\/v2\/posts\/6206","targetHints":{"allow":["GET"]}}],"collection":[{"href":"https:\/\/netzero-community.com\/prueba\/wp-json\/wp\/v2\/posts"}],"about":[{"href":"https:\/\/netzero-community.com\/prueba\/wp-json\/wp\/v2\/types\/post"}],"author":[{"embeddable":true,"href":"https:\/\/netzero-community.com\/prueba\/wp-json\/wp\/v2\/users\/2"}],"replies":[{"embeddable":true,"href":"https:\/\/netzero-community.com\/prueba\/wp-json\/wp\/v2\/comments?post=6206"}],"version-history":[{"count":1,"href":"https:\/\/netzero-community.com\/prueba\/wp-json\/wp\/v2\/posts\/6206\/revisions"}],"predecessor-version":[{"id":6208,"href":"https:\/\/netzero-community.com\/prueba\/wp-json\/wp\/v2\/posts\/6206\/revisions\/6208"}],"wp:featuredmedia":[{"embeddable":true,"href":"https:\/\/netzero-community.com\/prueba\/wp-json\/wp\/v2\/media\/6207"}],"wp:attachment":[{"href":"https:\/\/netzero-community.com\/prueba\/wp-json\/wp\/v2\/media?parent=6206"}],"wp:term":[{"taxonomy":"category","embeddable":true,"href":"https:\/\/netzero-community.com\/prueba\/wp-json\/wp\/v2\/categories?post=6206"},{"taxonomy":"post_tag","embeddable":true,"href":"https:\/\/netzero-community.com\/prueba\/wp-json\/wp\/v2\/tags?post=6206"}],"curies":[{"name":"wp","href":"https:\/\/api.w.org\/{rel}","templated":true}]}}